{"id":308809,"date":"2025-02-13T15:45:00","date_gmt":"2025-02-13T23:45:00","guid":{"rendered":"http:\/\/lookoutnewspaper.com\/les-membres-de-la-musique-de-naden-recoivent-la-medaille-du-couronnement-du-roi-charles-iii\/"},"modified":"2025-03-24T14:43:18","modified_gmt":"2025-03-24T21:43:18","slug":"les-membres-de-la-musique-de-naden-recoivent-la-medaille-du-couronnement-du-roi-charles-iii","status":"publish","type":"post","link":"https:\/\/lookoutnewspaper.com\/fr\/les-membres-de-la-musique-de-naden-recoivent-la-medaille-du-couronnement-du-roi-charles-iii\/","title":{"rendered":"Les membres de la Musique de Naden re\u00e7oivent la\u00a0 M\u00e9daille du Couronnement du Roi Charles III"},"content":{"rendered":"\r\n<p><a href=\"https:\/\/www.lookoutnewspaper.com\/wp-content\/uploads\/2024\/08\/CoronationMedal.jpg\"><img decoding=\"async\" class=\"aligncenter wp-image-35760\" src=\"https:\/\/www.lookoutnewspaper.com\/wp-content\/uploads\/2024\/08\/CoronationMedal.jpg\" alt=\"\" width=\"597\" height=\"746\" \/><\/a><\/p>\r\n<p class=\"p1\"><strong>Canada.ca\u00a0<\/strong><\/p>\r\n<p>\u2014\u00a0<\/p>\r\n<h3 class=\"p1\"><span class=\"s1\"><b>A propos de la m\u00e9daille<\/b><\/span><\/h3>\r\n<p class=\"p2\">La m\u00e9daille du couronnement du roi Charles III est une m\u00e9daille comm\u00e9morative cr\u00e9\u00e9e pour marquer le couronnement du roi Charles III et de la reine Camilla, qui a eu lieu le 6 mai 2023.<\/p>\r\n<p class=\"p2\">Le Royaume-Uni a \u00e9mis plus de 400 000 m\u00e9dailles du couronnement, d\u00e9cern\u00e9es \u00e0 des personnes ayant contribu\u00e9 au couronnement, \u00e0 des r\u00e9cipiendaires des plus hautes distinctions honorifiques britanniques, \u00e0 certains militaires britanniques, \u00e0 des secouristes de premi\u00e8re ligne et \u00e0 des membres du personnel des services p\u00e9nitentiaires publics justifiant de cinq ann\u00e9es de service. La m\u00e9daille du couronnement britannique a \u00e9galement \u00e9t\u00e9 offerte \u00e0 un certain nombre d&rsquo;Australiens, de Canadiens et de N\u00e9o-Z\u00e9landais.<\/p>\r\n<p class=\"p2\">Le Canada a d\u00e9cern\u00e9 30 000 m\u00e9dailles du couronnement \u00e0 des membres des Forces arm\u00e9es canadiennes et de la fonction publique, ainsi qu&rsquo;\u00e0 des personnes ayant apport\u00e9 une contribution importante au pays ou ayant accompli des r\u00e9alisations qui ont fait honneur au Canada.<\/p>\r\n<p class=\"p2\">Les m\u00e9dailles britannique et canadienne sont toutes deux en nickel-argent et comportent des rubans identiques. Cependant, les deux m\u00e9dailles diff\u00e8rent dans leur conception. La m\u00e9daille britannique pr\u00e9sente les effigies du roi et de la reine, tandis que la m\u00e9daille canadienne ne pr\u00e9sente que le roi. Au revers, la m\u00e9daille britannique pr\u00e9sente des lauriers, le chiffre royal et la couronne des Tudor, tandis que la m\u00e9daille canadienne pr\u00e9sente le chiffre royal et la couronne royale canadienne sur un motif en forme de soleil.<\/p>\r\n<p><a href=\"https:\/\/www.lookoutnewspaper.com\/wp-content\/uploads\/2025\/02\/20250124-Hawchuk-1.jpg\"><img decoding=\"async\" class=\"aligncenter wp-image-36971\" src=\"https:\/\/www.lookoutnewspaper.com\/wp-content\/uploads\/2025\/02\/20250124-Hawchuk-1.jpg\" alt=\"\" width=\"597\" height=\"398\" \/><\/a><\/p>\r\n<p class=\"p1\"><b>Sergent Cindy Hawchuk<\/b><\/p>\r\n<p class=\"p2\">Le sergent Hawchuk re\u00e7oit la M\u00e9daille du couronnement du roi Charles III pour avoir ouvert la voie aux chanteurs de la Branche de la musique pendant plus de deux d\u00e9cennies. Elle a jou\u00e9 un r\u00f4le essentiel dans le d\u00e9veloppement des capacit\u00e9s en mati\u00e8re de musique contemporaine au sein des FAC et repr\u00e9sente les FAC lors d&rsquo;\u00e9v\u00e9nements majeurs dans le monde entier, augmentant ainsi le rayonnement et l&rsquo;engagement de la communaut\u00e9.<\/p>\r\n<p><a href=\"https:\/\/www.lookoutnewspaper.com\/wp-content\/uploads\/2025\/02\/20250124-Fearnley-1.jpg\"><img decoding=\"async\" class=\"aligncenter wp-image-36970\" src=\"https:\/\/www.lookoutnewspaper.com\/wp-content\/uploads\/2025\/02\/20250124-Fearnley-1.jpg\" alt=\"\" width=\"597\" height=\"398\" \/><\/a><\/p>\r\n<p class=\"p1\"><b>Ma\u00eetre de 2e classe Bob Fearnley<\/b><\/p>\r\n<p class=\"p2\">Le Ma\u00eetre de 2e classe Fearnley est d\u00e9cor\u00e9 de la Medaile de Coronation du Roi Charles III pour avoir consacr\u00e9 16 \u00e0 20 heures par semaine au b\u00e9n\u00e9volat dans la cath\u00e9drale de Christ Church. Au cours des dix derni\u00e8res ann\u00e9es, il a repr\u00e9sent\u00e9 les FAC \u00e0 plusieurs reprises \u00e0 l&rsquo;Ordinariat militaire anglican lors du Synode g\u00e9n\u00e9ral. Son d\u00e9vouement \u00e0 la congr\u00e9gation est digne d&rsquo;\u00e9loges et rejaillit positivement sur la FAC.<\/p>\r\n<p><a href=\"https:\/\/www.lookoutnewspaper.com\/wp-content\/uploads\/2025\/02\/20250124-Everett-1.jpg\"><img decoding=\"async\" class=\"aligncenter wp-image-36969\" src=\"https:\/\/www.lookoutnewspaper.com\/wp-content\/uploads\/2025\/02\/20250124-Everett-1.jpg\" alt=\"\" width=\"597\" height=\"398\" \/><\/a><\/p>\r\n<p class=\"p1\"><b>Marin de premi\u00e8re classe (Mat1) Zack Everett<\/b><\/p>\r\n<p class=\"p2\">Le Mat1 Everett re\u00e7oit la m\u00e9daille du couronnement du roi Charles III pour avoir repr\u00e9sent\u00e9 le Canada dans le cadre du Partenariat pour le Pacifique, de juillet \u00e0 novembre 2023. Seul Canadien du groupe musical, il a repr\u00e9sent\u00e9 la MRC aupr\u00e8s des nations du Pacifique Sud et des h\u00f4tes des \u00c9tats-Unis, apportant un cr\u00e9dit important au Canada gr\u00e2ce \u00e0 son professionnalisme.<\/p>\r\n\r\n\r\n","protected":false},"excerpt":{"rendered":"<p>Canada.ca  \u2014  A propos de la m\u00e9daille La m\u00e9daille du couronnement du roi Charles III est une m\u00e9daille comm\u00e9morative cr\u00e9\u00e9e pour marquer le couronnement du roi Charles III et de la reine Camilla, qui a eu lieu le 6 mai 2023. Le Royaume-Uni a \u00e9mis plus de 400 000 m\u00e9dailles [&#8230;]<\/p>\n","protected":false},"author":6,"featured_media":298045,"comment_status":"closed","ping_status":"closed","sticky":false,"template":"","format":"standard","meta":{"_acf_changed":false,"_et_pb_use_builder":"","_et_pb_old_content":"","_et_gb_content_width":"","inline_featured_image":false,"_rtcl_gb_attr":"","footnotes":"","_members_access_role":[],"_members_access_error":""},"categories":[4005,3993],"tags":[],"class_list":["post-308809","post","type-post","status-publish","format-standard","has-post-thumbnail","hentry","category-actualites","category-recompenses-promotions","et-has-post-format-content","et_post_format-et-post-format-standard"],"acf":[],"yoast_head":"<!-- This site is optimized with the Yoast SEO plugin v28.3 - https:\/\/yoast.com\/product\/yoast-seo-wordpress\/ -->\n<title>Les membres de la Musique de Naden re\u00e7oivent la\u00a0 M\u00e9daille du Couronnement du Roi Charles III - Actualit\u00e9s du Marine Pacifique<\/title>\n<meta name=\"description\" content=\"L&#039;excellence \u00e0 l&#039;honneur ! Trois membres \u00e9minents de la Musique Naden ont re\u00e7u la prestigieuse M\u00e9daille du Couronnement du Roi Charles III pour leur contribution exceptionnelle au Canada et aux Forces arm\u00e9es canadiennes.\" \/>\n<meta name=\"robots\" content=\"index, follow, max-snippet:-1, max-image-preview:large, max-video-preview:-1\" \/>\n<link rel=\"canonical\" href=\"https:\/\/lookoutnewspaper.com\/fr\/les-membres-de-la-musique-de-naden-recoivent-la-medaille-du-couronnement-du-roi-charles-iii\/\" \/>\n<meta property=\"og:locale\" content=\"fr_FR\" \/>\n<meta property=\"og:type\" content=\"article\" \/>\n<meta property=\"og:title\" content=\"Les membres de la Musique de Naden re\u00e7oivent la\u00a0 M\u00e9daille du Couronnement du Roi Charles III - Actualit\u00e9s du Marine Pacifique\" \/>\n<meta property=\"og:description\" content=\"L&#039;excellence \u00e0 l&#039;honneur ! Trois membres \u00e9minents de la Musique Naden ont re\u00e7u la prestigieuse M\u00e9daille du Couronnement du Roi Charles III pour leur contribution exceptionnelle au Canada et aux Forces arm\u00e9es canadiennes.\" \/>\n<meta property=\"og:url\" content=\"https:\/\/lookoutnewspaper.com\/fr\/les-membres-de-la-musique-de-naden-recoivent-la-medaille-du-couronnement-du-roi-charles-iii\/\" \/>\n<meta property=\"og:site_name\" content=\"Actualit\u00e9s du Marine Pacifique\" \/>\n<meta property=\"article:published_time\" content=\"2025-02-13T23:45:00+00:00\" \/>\n<meta property=\"article:modified_time\" content=\"2025-03-24T21:43:18+00:00\" \/>\n<meta property=\"og:image\" content=\"https:\/\/lookoutnewspaper.com\/wp-content\/uploads\/2024\/09\/CoronationMedal.jpg\" \/>\n\t<meta property=\"og:image:width\" content=\"1200\" \/>\n\t<meta property=\"og:image:height\" content=\"1500\" \/>\n\t<meta property=\"og:image:type\" content=\"image\/jpeg\" \/>\n<meta name=\"author\" content=\"Lookout Newspaper Team\" \/>\n<meta name=\"twitter:card\" content=\"summary_large_image\" \/>\n<meta name=\"twitter:label1\" content=\"\u00c9crit par\" \/>\n\t<meta name=\"twitter:data1\" content=\"Lookout Newspaper Team\" \/>\n\t<meta name=\"twitter:label2\" content=\"Dur\u00e9e de lecture estim\u00e9e\" \/>\n\t<meta name=\"twitter:data2\" content=\"3 minutes\" \/>\n<script type=\"application\/ld+json\" class=\"yoast-schema-graph\">{\"@context\":\"https:\\\/\\\/schema.org\",\"@graph\":[{\"@type\":\"Article\",\"@id\":\"https:\\\/\\\/lookoutnewspaper.com\\\/fr\\\/les-membres-de-la-musique-de-naden-recoivent-la-medaille-du-couronnement-du-roi-charles-iii\\\/#article\",\"isPartOf\":{\"@id\":\"https:\\\/\\\/lookoutnewspaper.com\\\/fr\\\/les-membres-de-la-musique-de-naden-recoivent-la-medaille-du-couronnement-du-roi-charles-iii\\\/\"},\"author\":{\"name\":\"Lookout Newspaper Team\",\"@id\":\"https:\\\/\\\/lookoutnewspaper.com\\\/#\\\/schema\\\/person\\\/6a4ca989a595627cd94f027e3cfedbbb\"},\"headline\":\"Les membres de la Musique de Naden re\u00e7oivent la\u00a0 M\u00e9daille du Couronnement du Roi Charles III\",\"datePublished\":\"2025-02-13T23:45:00+00:00\",\"dateModified\":\"2025-03-24T21:43:18+00:00\",\"mainEntityOfPage\":{\"@id\":\"https:\\\/\\\/lookoutnewspaper.com\\\/fr\\\/les-membres-de-la-musique-de-naden-recoivent-la-medaille-du-couronnement-du-roi-charles-iii\\\/\"},\"wordCount\":518,\"image\":{\"@id\":\"https:\\\/\\\/lookoutnewspaper.com\\\/fr\\\/les-membres-de-la-musique-de-naden-recoivent-la-medaille-du-couronnement-du-roi-charles-iii\\\/#primaryimage\"},\"thumbnailUrl\":\"https:\\\/\\\/lookoutnewspaper.com\\\/wp-content\\\/uploads\\\/2024\\\/09\\\/CoronationMedal.jpg\",\"articleSection\":[\"Actualit\u00e9s\",\"R\u00e9compenses &amp; promotions\"],\"inLanguage\":\"fr-FR\"},{\"@type\":\"WebPage\",\"@id\":\"https:\\\/\\\/lookoutnewspaper.com\\\/fr\\\/les-membres-de-la-musique-de-naden-recoivent-la-medaille-du-couronnement-du-roi-charles-iii\\\/\",\"url\":\"https:\\\/\\\/lookoutnewspaper.com\\\/fr\\\/les-membres-de-la-musique-de-naden-recoivent-la-medaille-du-couronnement-du-roi-charles-iii\\\/\",\"name\":\"Les membres de la Musique de Naden re\u00e7oivent la\u00a0 M\u00e9daille du Couronnement du Roi Charles III - Actualit\u00e9s du Marine Pacifique\",\"isPartOf\":{\"@id\":\"https:\\\/\\\/lookoutnewspaper.com\\\/#website\"},\"primaryImageOfPage\":{\"@id\":\"https:\\\/\\\/lookoutnewspaper.com\\\/fr\\\/les-membres-de-la-musique-de-naden-recoivent-la-medaille-du-couronnement-du-roi-charles-iii\\\/#primaryimage\"},\"image\":{\"@id\":\"https:\\\/\\\/lookoutnewspaper.com\\\/fr\\\/les-membres-de-la-musique-de-naden-recoivent-la-medaille-du-couronnement-du-roi-charles-iii\\\/#primaryimage\"},\"thumbnailUrl\":\"https:\\\/\\\/lookoutnewspaper.com\\\/wp-content\\\/uploads\\\/2024\\\/09\\\/CoronationMedal.jpg\",\"datePublished\":\"2025-02-13T23:45:00+00:00\",\"dateModified\":\"2025-03-24T21:43:18+00:00\",\"author\":{\"@id\":\"https:\\\/\\\/lookoutnewspaper.com\\\/#\\\/schema\\\/person\\\/6a4ca989a595627cd94f027e3cfedbbb\"},\"description\":\"L'excellence \u00e0 l'honneur ! Trois membres \u00e9minents de la Musique Naden ont re\u00e7u la prestigieuse M\u00e9daille du Couronnement du Roi Charles III pour leur contribution exceptionnelle au Canada et aux Forces arm\u00e9es canadiennes.\",\"breadcrumb\":{\"@id\":\"https:\\\/\\\/lookoutnewspaper.com\\\/fr\\\/les-membres-de-la-musique-de-naden-recoivent-la-medaille-du-couronnement-du-roi-charles-iii\\\/#breadcrumb\"},\"inLanguage\":\"fr-FR\",\"potentialAction\":[{\"@type\":\"ReadAction\",\"target\":[\"https:\\\/\\\/lookoutnewspaper.com\\\/fr\\\/les-membres-de-la-musique-de-naden-recoivent-la-medaille-du-couronnement-du-roi-charles-iii\\\/\"]}]},{\"@type\":\"ImageObject\",\"inLanguage\":\"fr-FR\",\"@id\":\"https:\\\/\\\/lookoutnewspaper.com\\\/fr\\\/les-membres-de-la-musique-de-naden-recoivent-la-medaille-du-couronnement-du-roi-charles-iii\\\/#primaryimage\",\"url\":\"https:\\\/\\\/lookoutnewspaper.com\\\/wp-content\\\/uploads\\\/2024\\\/09\\\/CoronationMedal.jpg\",\"contentUrl\":\"https:\\\/\\\/lookoutnewspaper.com\\\/wp-content\\\/uploads\\\/2024\\\/09\\\/CoronationMedal.jpg\",\"width\":1200,\"height\":1500},{\"@type\":\"BreadcrumbList\",\"@id\":\"https:\\\/\\\/lookoutnewspaper.com\\\/fr\\\/les-membres-de-la-musique-de-naden-recoivent-la-medaille-du-couronnement-du-roi-charles-iii\\\/#breadcrumb\",\"itemListElement\":[{\"@type\":\"ListItem\",\"position\":1,\"name\":\"Home\",\"item\":\"https:\\\/\\\/lookoutnewspaper.com\\\/fr\\\/\"},{\"@type\":\"ListItem\",\"position\":2,\"name\":\"Les membres de la Musique de Naden re\u00e7oivent la\u00a0 M\u00e9daille du Couronnement du Roi Charles III\"}]},{\"@type\":\"WebSite\",\"@id\":\"https:\\\/\\\/lookoutnewspaper.com\\\/#website\",\"url\":\"https:\\\/\\\/lookoutnewspaper.com\\\/\",\"name\":\"Actualit\u00e9s du Marine Pacifique\",\"description\":\"BFC Esquimalt\",\"potentialAction\":[{\"@type\":\"SearchAction\",\"target\":{\"@type\":\"EntryPoint\",\"urlTemplate\":\"https:\\\/\\\/lookoutnewspaper.com\\\/?s={search_term_string}\"},\"query-input\":{\"@type\":\"PropertyValueSpecification\",\"valueRequired\":true,\"valueName\":\"search_term_string\"}}],\"inLanguage\":\"fr-FR\"},{\"@type\":\"Person\",\"@id\":\"https:\\\/\\\/lookoutnewspaper.com\\\/#\\\/schema\\\/person\\\/6a4ca989a595627cd94f027e3cfedbbb\",\"name\":\"Lookout Newspaper Team\"}]}<\/script>\n<!-- \/ Yoast SEO plugin. -->","yoast_head_json":{"title":"Les membres de la Musique de Naden re\u00e7oivent la\u00a0 M\u00e9daille du Couronnement du Roi Charles III - Actualit\u00e9s du Marine Pacifique","description":"L'excellence \u00e0 l'honneur ! Trois membres \u00e9minents de la Musique Naden ont re\u00e7u la prestigieuse M\u00e9daille du Couronnement du Roi Charles III pour leur contribution exceptionnelle au Canada et aux Forces arm\u00e9es canadiennes.","robots":{"index":"index","follow":"follow","max-snippet":"max-snippet:-1","max-image-preview":"max-image-preview:large","max-video-preview":"max-video-preview:-1"},"canonical":"https:\/\/lookoutnewspaper.com\/fr\/les-membres-de-la-musique-de-naden-recoivent-la-medaille-du-couronnement-du-roi-charles-iii\/","og_locale":"fr_FR","og_type":"article","og_title":"Les membres de la Musique de Naden re\u00e7oivent la\u00a0 M\u00e9daille du Couronnement du Roi Charles III - Actualit\u00e9s du Marine Pacifique","og_description":"L'excellence \u00e0 l'honneur ! Trois membres \u00e9minents de la Musique Naden ont re\u00e7u la prestigieuse M\u00e9daille du Couronnement du Roi Charles III pour leur contribution exceptionnelle au Canada et aux Forces arm\u00e9es canadiennes.","og_url":"https:\/\/lookoutnewspaper.com\/fr\/les-membres-de-la-musique-de-naden-recoivent-la-medaille-du-couronnement-du-roi-charles-iii\/","og_site_name":"Actualit\u00e9s du Marine Pacifique","article_published_time":"2025-02-13T23:45:00+00:00","article_modified_time":"2025-03-24T21:43:18+00:00","og_image":[{"width":1200,"height":1500,"url":"https:\/\/lookoutnewspaper.com\/wp-content\/uploads\/2024\/09\/CoronationMedal.jpg","type":"image\/jpeg"}],"author":"Lookout Newspaper Team","twitter_card":"summary_large_image","twitter_misc":{"\u00c9crit par":"Lookout Newspaper Team","Dur\u00e9e de lecture estim\u00e9e":"3 minutes"},"schema":{"@context":"https:\/\/schema.org","@graph":[{"@type":"Article","@id":"https:\/\/lookoutnewspaper.com\/fr\/les-membres-de-la-musique-de-naden-recoivent-la-medaille-du-couronnement-du-roi-charles-iii\/#article","isPartOf":{"@id":"https:\/\/lookoutnewspaper.com\/fr\/les-membres-de-la-musique-de-naden-recoivent-la-medaille-du-couronnement-du-roi-charles-iii\/"},"author":{"name":"Lookout Newspaper Team","@id":"https:\/\/lookoutnewspaper.com\/#\/schema\/person\/6a4ca989a595627cd94f027e3cfedbbb"},"headline":"Les membres de la Musique de Naden re\u00e7oivent la\u00a0 M\u00e9daille du Couronnement du Roi Charles III","datePublished":"2025-02-13T23:45:00+00:00","dateModified":"2025-03-24T21:43:18+00:00","mainEntityOfPage":{"@id":"https:\/\/lookoutnewspaper.com\/fr\/les-membres-de-la-musique-de-naden-recoivent-la-medaille-du-couronnement-du-roi-charles-iii\/"},"wordCount":518,"image":{"@id":"https:\/\/lookoutnewspaper.com\/fr\/les-membres-de-la-musique-de-naden-recoivent-la-medaille-du-couronnement-du-roi-charles-iii\/#primaryimage"},"thumbnailUrl":"https:\/\/lookoutnewspaper.com\/wp-content\/uploads\/2024\/09\/CoronationMedal.jpg","articleSection":["Actualit\u00e9s","R\u00e9compenses &amp; promotions"],"inLanguage":"fr-FR"},{"@type":"WebPage","@id":"https:\/\/lookoutnewspaper.com\/fr\/les-membres-de-la-musique-de-naden-recoivent-la-medaille-du-couronnement-du-roi-charles-iii\/","url":"https:\/\/lookoutnewspaper.com\/fr\/les-membres-de-la-musique-de-naden-recoivent-la-medaille-du-couronnement-du-roi-charles-iii\/","name":"Les membres de la Musique de Naden re\u00e7oivent la\u00a0 M\u00e9daille du Couronnement du Roi Charles III - Actualit\u00e9s du Marine Pacifique","isPartOf":{"@id":"https:\/\/lookoutnewspaper.com\/#website"},"primaryImageOfPage":{"@id":"https:\/\/lookoutnewspaper.com\/fr\/les-membres-de-la-musique-de-naden-recoivent-la-medaille-du-couronnement-du-roi-charles-iii\/#primaryimage"},"image":{"@id":"https:\/\/lookoutnewspaper.com\/fr\/les-membres-de-la-musique-de-naden-recoivent-la-medaille-du-couronnement-du-roi-charles-iii\/#primaryimage"},"thumbnailUrl":"https:\/\/lookoutnewspaper.com\/wp-content\/uploads\/2024\/09\/CoronationMedal.jpg","datePublished":"2025-02-13T23:45:00+00:00","dateModified":"2025-03-24T21:43:18+00:00","author":{"@id":"https:\/\/lookoutnewspaper.com\/#\/schema\/person\/6a4ca989a595627cd94f027e3cfedbbb"},"description":"L'excellence \u00e0 l'honneur ! Trois membres \u00e9minents de la Musique Naden ont re\u00e7u la prestigieuse M\u00e9daille du Couronnement du Roi Charles III pour leur contribution exceptionnelle au Canada et aux Forces arm\u00e9es canadiennes.","breadcrumb":{"@id":"https:\/\/lookoutnewspaper.com\/fr\/les-membres-de-la-musique-de-naden-recoivent-la-medaille-du-couronnement-du-roi-charles-iii\/#breadcrumb"},"inLanguage":"fr-FR","potentialAction":[{"@type":"ReadAction","target":["https:\/\/lookoutnewspaper.com\/fr\/les-membres-de-la-musique-de-naden-recoivent-la-medaille-du-couronnement-du-roi-charles-iii\/"]}]},{"@type":"ImageObject","inLanguage":"fr-FR","@id":"https:\/\/lookoutnewspaper.com\/fr\/les-membres-de-la-musique-de-naden-recoivent-la-medaille-du-couronnement-du-roi-charles-iii\/#primaryimage","url":"https:\/\/lookoutnewspaper.com\/wp-content\/uploads\/2024\/09\/CoronationMedal.jpg","contentUrl":"https:\/\/lookoutnewspaper.com\/wp-content\/uploads\/2024\/09\/CoronationMedal.jpg","width":1200,"height":1500},{"@type":"BreadcrumbList","@id":"https:\/\/lookoutnewspaper.com\/fr\/les-membres-de-la-musique-de-naden-recoivent-la-medaille-du-couronnement-du-roi-charles-iii\/#breadcrumb","itemListElement":[{"@type":"ListItem","position":1,"name":"Home","item":"https:\/\/lookoutnewspaper.com\/fr\/"},{"@type":"ListItem","position":2,"name":"Les membres de la Musique de Naden re\u00e7oivent la\u00a0 M\u00e9daille du Couronnement du Roi Charles III"}]},{"@type":"WebSite","@id":"https:\/\/lookoutnewspaper.com\/#website","url":"https:\/\/lookoutnewspaper.com\/","name":"Actualit\u00e9s du Marine Pacifique","description":"BFC Esquimalt","potentialAction":[{"@type":"SearchAction","target":{"@type":"EntryPoint","urlTemplate":"https:\/\/lookoutnewspaper.com\/?s={search_term_string}"},"query-input":{"@type":"PropertyValueSpecification","valueRequired":true,"valueName":"search_term_string"}}],"inLanguage":"fr-FR"},{"@type":"Person","@id":"https:\/\/lookoutnewspaper.com\/#\/schema\/person\/6a4ca989a595627cd94f027e3cfedbbb","name":"Lookout Newspaper Team"}]}},"_links":{"self":[{"href":"https:\/\/lookoutnewspaper.com\/fr\/wp-json\/wp\/v2\/posts\/308809","targetHints":{"allow":["GET"]}}],"collection":[{"href":"https:\/\/lookoutnewspaper.com\/fr\/wp-json\/wp\/v2\/posts"}],"about":[{"href":"https:\/\/lookoutnewspaper.com\/fr\/wp-json\/wp\/v2\/types\/post"}],"author":[{"embeddable":true,"href":"https:\/\/lookoutnewspaper.com\/fr\/wp-json\/wp\/v2\/users\/6"}],"replies":[{"embeddable":true,"href":"https:\/\/lookoutnewspaper.com\/fr\/wp-json\/wp\/v2\/comments?post=308809"}],"version-history":[{"count":0,"href":"https:\/\/lookoutnewspaper.com\/fr\/wp-json\/wp\/v2\/posts\/308809\/revisions"}],"wp:featuredmedia":[{"embeddable":true,"href":"https:\/\/lookoutnewspaper.com\/fr\/wp-json\/wp\/v2\/media\/298045"}],"wp:attachment":[{"href":"https:\/\/lookoutnewspaper.com\/fr\/wp-json\/wp\/v2\/media?parent=308809"}],"wp:term":[{"taxonomy":"category","embeddable":true,"href":"https:\/\/lookoutnewspaper.com\/fr\/wp-json\/wp\/v2\/categories?post=308809"},{"taxonomy":"post_tag","embeddable":true,"href":"https:\/\/lookoutnewspaper.com\/fr\/wp-json\/wp\/v2\/tags?post=308809"}],"curies":[{"name":"wp","href":"https:\/\/api.w.org\/{rel}","templated":true}]}}